{"id":32830,"date":"2025-04-08T21:25:27","date_gmt":"2025-04-08T21:25:27","guid":{"rendered":"https:\/\/quantfury.com\/?p=32830"},"modified":"2025-04-08T21:25:28","modified_gmt":"2025-04-08T21:25:28","slug":"americasfirst","status":"publish","type":"post","link":"https:\/\/quantfury.com\/portuge\/insights-do-mercado\/americasfirst\/","title":{"rendered":"Am\u00e9rica Latina avalia convite para um lugar privilegiado na reestrutura\u00e7\u00e3o do com\u00e9rcio dos EUA"},"content":{"rendered":"\n<p>O an\u00fancio na semana passada de que os EUA adotariam um regime de &#8220;<a href=\"https:\/\/www.whitehouse.gov\/fact-sheets\/2025\/04\/fact-sheet-president-donald-j-trump-declares-national-emergency-to-increase-our-competitive-edge-protect-our-sovereignty-and-strengthen-our-national-and-economic-security\/\">tarifas rec\u00edprocas<\/a>&#8221; fez com que os mercados globais despencassem, mas por tr\u00e1s do caos estava um raio de esperan\u00e7a &#8211; ou at\u00e9 uma oportunidade estrat\u00e9gica &#8211; para a Am\u00e9rica Latina: o governo do presidente Donald Trump v\u00ea a regi\u00e3o como um dos principais benefici\u00e1rios da reestrutura\u00e7\u00e3o econ\u00f4mica que est\u00e1 tentando implementar.<\/p>\n\n\n\n<p>&#8220;Hoje \u00e9 um grande dia para os Estados Unidos, e \u00e9 um grande dia para as Am\u00e9ricas&#8221;, disse Mauricio Claver-Carone, Enviado Especial dos EUA para a Am\u00e9rica Latina, em uma<a href=\"https:\/\/www.mdc.edu\/livestream\/\"> confer\u00eancia<\/a> em Miami um dia ap\u00f3s as medidas terem sido inicialmente anunciadas, em 2 de abril. Ele destacou que apenas tr\u00eas pa\u00edses do continente\u2014Venezuela, Nicar\u00e1gua e Guiana\u2014receberam tarifas acima da taxa base de 10% que se aplica a todas as importa\u00e7\u00f5es, o que daria \u00e0 regi\u00e3o uma vantagem em rela\u00e7\u00e3o a outras economias emergentes, como as do Sudeste Asi\u00e1tico.<\/p>\n\n\n\n<p>&#8220;A Am\u00e9rica Latina sempre foi o retardat\u00e1rio dos mercados emergentes&#8221;, afirmou Claver-Carone. &#8220;Hoje, se voc\u00ea \u00e9 um investidor de mercados emergentes, pode pensar: \u2018Ei, talvez seja aqui que eu deva focar agora\u2019.&#8221; O principal diplomata da regi\u00e3o acrescentou que a principal prioridade do governo \u00e9 a reindustrializa\u00e7\u00e3o dos EUA, o que faria com que todas as Am\u00e9ricas sa\u00edssem ganhando.<\/p>\n\n\n\n<p>De fato, enquanto investidores ao redor do mundo estavam preocupados com as tarifas elevadas aplicadas a pot\u00eancias manufatureiras como Bangladesh (37%), Camboja (49%) e Vietn\u00e3 (46%) \u2014 todos pa\u00edses que nos \u00faltimos anos se tornaram destinos-chave para fabricantes que buscam reduzir riscos de uma poss\u00edvel repress\u00e3o \u00e0 China \u2014 l\u00edderes latino-americanos foram r\u00e1pidos em reagir \u00e0s mudan\u00e7as, para aproveitar a oportunidade de fortalecer a integra\u00e7\u00e3o das cadeias de suprimentos para aliados dos EUA que est\u00e3o mais pr\u00f3ximos geograficamente.<\/p>\n\n\n\n<h2 class=\"wp-block-heading\" id=\"h-novas-negociacoes-comerciais\">Novas negocia\u00e7\u00f5es comerciais<\/h2>\n\n\n\n<p><\/p>\n\n\n\n<p>O presidente argentino Javier Milei, um forte aliado de Trump, n\u00e3o perdeu tempo, o que n\u00e3o \u00e9 surpresa para ningu\u00e9m, e<a href=\"https:\/\/www.ambito.com\/javier-milei-anunciara-eeuu-que-avanza-un-acuerdo-arancel-cero-el-gobierno-donald-trump-n6130710\"> viajou<\/a> rapidamente para a Fl\u00f3rida, onde<a href=\"https:\/\/www.youtube.com\/watch?v=QAU_Umt_HOM\"> disse a uma plateia<\/a> em Mar-a-Lago que busca um acordo comercial mais amplo com os EUA. Mas os coment\u00e1rios mais interessantes sobre as novas tarifas vieram de um l\u00edder do outro extremo ideol\u00f3gico que frequentemente entra em conflito com o governo Trump: o presidente colombiano Gustavo Petro.<\/p>\n\n\n\n<p>&#8220;A Am\u00e9rica Latina, incluindo a Col\u00f4mbia, se beneficia da pol\u00edtica tarif\u00e1ria de Trump&#8230; se pudermos produzir esses bens de forma mais barata, agora \u00e9 o momento de export\u00e1-los para l\u00e1&#8221;, Petro escreveu em uma publica\u00e7\u00e3o <a href=\"https:\/\/x.com\/petrogustavo\/status\/1907621701632082073\">tarde da noite<\/a> na rede X, complementando ainda que empresas colombianas deveriam aproveitar a oportunidade e focar em exporta\u00e7\u00f5es agr\u00edcolas e industriais. Ele tamb\u00e9m pediu ao banco central do pa\u00eds que reduzisse as taxas de juros para viabilizar rapidamente uma nova capacidade de exporta\u00e7\u00e3o.<\/p>\n\n\n\n<p>&#8220;Ao decidir impor tarifas por \u00e1rea geogr\u00e1fica e n\u00e3o por tipo de produto, Trump nos permite melhorar nossa posi\u00e7\u00e3o competitiva em escala latino-americana&#8221;, Petro continuou. &#8220;Agora \u00e9 o momento de impulsionar uma mudan\u00e7a na matriz exportadora em dire\u00e7\u00e3o a maiores n\u00edveis de gera\u00e7\u00e3o de valor agregado.&#8221;<\/p>\n\n\n\n<p>Em outras partes das Am\u00e9ricas, Bernardo Ar\u00e9valo, l\u00edder de centro-esquerda da Guatemala, afirmou que o pa\u00eds j\u00e1 est\u00e1 conduzindo novas conversas sobre com\u00e9rcio com os EUA. &#8220;Devemos manter a calma e agir com confian\u00e7a, pois esse desafio pode se transformar em uma oportunidade para o nosso pa\u00eds&#8221;, disse ele em uma<a href=\"https:\/\/x.com\/BArevalodeLeon\/status\/1909240324804993402\"> coletiva de imprensa<\/a> na segunda-feira. At\u00e9 mesmo a presidente do M\u00e9xico, Claudia Sheinbaum,<a href=\"https:\/\/www.presidenta.gob.mx\/boletines\/presidenta-sheinbaum-califica-positivamente-decision-de-estados-unidos-en-materia-arancelaria\"> elogiou o fato<\/a><\/p>\n\n\n\n<p>de que as \u00faltimas medidas tarif\u00e1rias dos EUA pouparam seu pa\u00eds de aumentos adicionais, deixando-o com &#8220;condi\u00e7\u00f5es preferenciais&#8221; em compara\u00e7\u00e3o com outros pa\u00edses. O presidente brasileiro Luiz In\u00e1cio Lula da Silva adotou uma postura<a href=\"https:\/\/www.forth.news\/bots\/reuters\/articles\/CMkmRvu6L4dXZzixA8VCc\"> mais cautelosa<\/a>, com alguns prevendo que o Brasil pode ser um dos<a href=\"https:\/\/www.wsj.com\/world\/americas\/brazil-us-china-trade-war-tariffs-ccfb9a6b\"> maiores benefici\u00e1rios<\/a> do novo cen\u00e1rio comercial. Embora ningu\u00e9m goste de tarifas, mesmo que sejam de 10%, l\u00edderes regionais de diferentes espectros pol\u00edticos parecem unidos na percep\u00e7\u00e3o de que h\u00e1 oportunidades al\u00e9m dos desafios. Talvez a posi\u00e7\u00e3o mais c\u00e9tica at\u00e9 agora tenha sido a do presidente chileno Gabriel Boric,<a href=\"https:\/\/x.com\/GabrielBoric\/status\/1909571929402417387\"> que afirmou<\/a> que o pa\u00eds responder\u00e1 \u00e0 &#8220;guerra tarif\u00e1ria em andamento&#8221; por meio da forma\u00e7\u00e3o de um comit\u00ea de alto n\u00edvel para sua estrat\u00e9gia de minerais cr\u00edticos, dentro de uma pol\u00edtica de diversifica\u00e7\u00e3o de mercado que inclui acordos e negocia\u00e7\u00f5es com a UE, \u00cdndia e Brasil.<\/p>\n\n\n\n<h2 class=\"wp-block-heading\" id=\"h-mercados-se-mantem-firmes\"><strong>Mercados se mant\u00eam firmes<\/strong><\/h2>\n\n\n\n<p><\/p>\n\n\n\n<p>Em meio \u00e0 ampla queda do mercado, que reduziu 7% do S&amp;P 500 no \u00faltimo m\u00eas, o \u00edndice S&amp;P Latin America 40 caiu apenas 2,3% no mesmo per\u00edodo. Enquanto isso, o \u00edndice Bovespa (<a href=\"https:\/\/trading.quantfury.com\/chart_full?shortName=BOVA11\">BOVA11<\/a>) do Brasil teve uma alta de 1,7%. Talvez o maior trunfo das economias da regi\u00e3o seja o fato de que os EUA t\u00eam<a href=\"https:\/\/worldpopulationreview.com\/country-rankings\/us-trade-deficit-by-country\"> super\u00e1vit comercial<\/a> com a maioria delas, o que significa que poderiam teoricamente aumentar as exporta\u00e7\u00f5es significativamente sem atrair o escrut\u00ednio sobre d\u00e9ficits, como ocorreu com grandes economias como Fran\u00e7a, Alemanha, \u00cdndia e Jap\u00e3o.<\/p>\n\n\n\n<p>&#8220;Vamos realinhar isso em favor de todos voc\u00eas americanos, todos n\u00f3s americanos, e colocar a Am\u00e9rica em primeiro lugar, com as Am\u00e9ricas como benef\u00edcio secund\u00e1rio&#8221;, disse Mauricio Claver-Carone ao p\u00fablico de Miami na semana passada, explicando a vis\u00e3o do governo para uma nova ordem global. &#8220;E o resto do mundo, ou joga de forma justa ou n\u00e3o joga.&#8221;<\/p>\n\n\n\n<p>Os governos em todo o continente parecem ter entendido a mensagem com clareza, e suas respostas cuidadosas e estrat\u00e9gicas criaram uma uniformidade rara na regi\u00e3o, que geralmente \u00e9 fragmentada. Os investidores, por sua vez, precisar\u00e3o de seguran\u00e7a pol\u00edtica antes de se comprometerem com grandes projetos, e ainda resta saber se os EUA estar\u00e3o dispostos a substituir a China como um dos principais financiadores de obras de infraestrutura. Como diz o velho ditado, a\u00e7\u00f5es falam mais alto que palavras. Se os EUA realmente querem convidar a Am\u00e9rica como um todo para a sua festa &#8220;America Primeiro&#8221;, precisar\u00e3o fazer mais do que enviar somente um convite muito enfeitado.<\/p>\n","protected":false},"excerpt":{"rendered":"<p>O an\u00fancio na semana passada de que os EUA adotariam um regime de &#8220;tarifas rec\u00edprocas&#8221; fez com que os mercados globais despencassem, mas por tr\u00e1s do caos estava um raio de esperan\u00e7a &#8211; ou at\u00e9 uma oportunidade estrat\u00e9gica &#8211; para a Am\u00e9rica Latina: o governo do presidente Donald Trump v\u00ea a regi\u00e3o como um dos [&hellip;]<\/p>\n","protected":false},"author":1,"featured_media":0,"comment_status":"open","ping_status":"open","sticky":false,"template":"","format":"standard","meta":{"_acf_changed":false,"inline_featured_image":false,"footnotes":""},"categories":[9],"tags":[],"class_list":["post-32830","post","type-post","status-publish","format-standard","hentry","category-insights-do-mercado"],"acf":[],"yoast_head":"<!-- This site is optimized with the Yoast SEO Premium plugin v27.2 (Yoast SEO v27.2) - https:\/\/yoast.com\/product\/yoast-seo-premium-wordpress\/ -->\n<title>Am\u00e9rica Latina avalia convite para um lugar privilegiado na reestrutura\u00e7\u00e3o do com\u00e9rcio dos EUA | Quantfury<\/title>\n<meta name=\"description\" content=\"Donald Trump v\u00ea a regi\u00e3o como um dos principais benefici\u00e1rios da reestrutura\u00e7\u00e3o econ\u00f4mica que est\u00e1 tentando implementar.\" \/>\n<meta name=\"robots\" content=\"index, follow, max-snippet:-1, max-image-preview:large, max-video-preview:-1\" \/>\n<link rel=\"canonical\" href=\"https:\/\/quantfury.com\/portuge\/insights-do-mercado\/americasfirst\/\" \/>\n<meta property=\"og:locale\" content=\"pt_PT\" \/>\n<meta property=\"og:type\" content=\"article\" \/>\n<meta property=\"og:title\" content=\"Am\u00e9rica Latina avalia convite para um lugar privilegiado na reestrutura\u00e7\u00e3o do com\u00e9rcio dos EUA | Quantfury\" \/>\n<meta property=\"og:description\" content=\"Donald Trump v\u00ea a regi\u00e3o como um dos principais benefici\u00e1rios da reestrutura\u00e7\u00e3o econ\u00f4mica que est\u00e1 tentando implementar.\" \/>\n<meta property=\"og:url\" content=\"https:\/\/quantfury.com\/portuge\/insights-do-mercado\/americasfirst\/\" \/>\n<meta property=\"og:site_name\" content=\"Quantfury\" \/>\n<meta property=\"article:published_time\" content=\"2025-04-08T21:25:27+00:00\" \/>\n<meta property=\"article:modified_time\" content=\"2025-04-08T21:25:28+00:00\" \/>\n<meta property=\"og:image\" content=\"https:\/\/quantfury.com\/wp-content\/uploads\/2025\/04\/LatAm.jpg\" \/>\n\t<meta property=\"og:image:width\" content=\"2048\" \/>\n\t<meta property=\"og:image:height\" content=\"1536\" \/>\n\t<meta property=\"og:image:type\" content=\"image\/jpeg\" \/>\n<meta name=\"author\" content=\"Quantfury\" \/>\n<meta name=\"twitter:card\" content=\"summary_large_image\" \/>\n<meta name=\"twitter:description\" content=\"O an\u00fancio na semana passada de que os EUA adotariam um regime de &quot;tarifas rec\u00edprocas&quot; fez com que os mercados globais despencassem, mas por tr\u00e1s do caos\" \/>\n<meta name=\"twitter:creator\" content=\"@quantfury\" \/>\n<meta name=\"twitter:site\" content=\"@quantfury\" \/>\n<meta name=\"twitter:label1\" content=\"Escrito por\" \/>\n\t<meta name=\"twitter:data1\" content=\"Quantfury\" \/>\n\t<meta name=\"twitter:label2\" content=\"Tempo estimado de leitura\" \/>\n\t<meta name=\"twitter:data2\" content=\"5 minutos\" \/>\n<script type=\"application\/ld+json\" class=\"yoast-schema-graph\">{\"@context\":\"https:\/\/schema.org\",\"@graph\":[{\"@type\":\"Article\",\"@id\":\"https:\/\/quantfury.com\/portuge\/insights-do-mercado\/americasfirst\/#article\",\"isPartOf\":{\"@id\":\"https:\/\/quantfury.com\/portuge\/insights-do-mercado\/americasfirst\/\"},\"author\":{\"name\":\"Quantfury\",\"@id\":\"https:\/\/quantfury.com\/#\/schema\/person\/a9f7e8493050fd0144e9482425234990\"},\"headline\":\"Am\u00e9rica Latina avalia convite para um lugar privilegiado na reestrutura\u00e7\u00e3o do com\u00e9rcio dos EUA\",\"datePublished\":\"2025-04-08T21:25:27+00:00\",\"dateModified\":\"2025-04-08T21:25:28+00:00\",\"mainEntityOfPage\":{\"@id\":\"https:\/\/quantfury.com\/portuge\/insights-do-mercado\/americasfirst\/\"},\"wordCount\":1079,\"commentCount\":0,\"publisher\":{\"@id\":\"https:\/\/quantfury.com\/#organization\"},\"articleSection\":[\"Insights do Mercado\"],\"inLanguage\":\"pt-PT\",\"potentialAction\":[{\"@type\":\"CommentAction\",\"name\":\"Comment\",\"target\":[\"https:\/\/quantfury.com\/portuge\/insights-do-mercado\/americasfirst\/#respond\"]}]},{\"@type\":\"WebPage\",\"@id\":\"https:\/\/quantfury.com\/portuge\/insights-do-mercado\/americasfirst\/\",\"url\":\"https:\/\/quantfury.com\/portuge\/insights-do-mercado\/americasfirst\/\",\"name\":\"Am\u00e9rica Latina avalia convite para um lugar privilegiado na reestrutura\u00e7\u00e3o do com\u00e9rcio dos EUA | Quantfury\",\"isPartOf\":{\"@id\":\"https:\/\/quantfury.com\/#website\"},\"datePublished\":\"2025-04-08T21:25:27+00:00\",\"dateModified\":\"2025-04-08T21:25:28+00:00\",\"description\":\"Donald Trump v\u00ea a regi\u00e3o como um dos principais benefici\u00e1rios da reestrutura\u00e7\u00e3o econ\u00f4mica que est\u00e1 tentando implementar.\",\"breadcrumb\":{\"@id\":\"https:\/\/quantfury.com\/portuge\/insights-do-mercado\/americasfirst\/#breadcrumb\"},\"inLanguage\":\"pt-PT\",\"potentialAction\":[{\"@type\":\"ReadAction\",\"target\":[\"https:\/\/quantfury.com\/portuge\/insights-do-mercado\/americasfirst\/\"]}]},{\"@type\":\"BreadcrumbList\",\"@id\":\"https:\/\/quantfury.com\/portuge\/insights-do-mercado\/americasfirst\/#breadcrumb\",\"itemListElement\":[{\"@type\":\"ListItem\",\"position\":1,\"name\":\"Home\",\"item\":\"https:\/\/quantfury.com\/portuge\/\"},{\"@type\":\"ListItem\",\"position\":2,\"name\":\"Am\u00e9rica Latina avalia convite para um lugar privilegiado na reestrutura\u00e7\u00e3o do com\u00e9rcio dos EUA\"}]},{\"@type\":\"WebSite\",\"@id\":\"https:\/\/quantfury.com\/#website\",\"url\":\"https:\/\/quantfury.com\/\",\"name\":\"Quantfury\",\"description\":\"\",\"publisher\":{\"@id\":\"https:\/\/quantfury.com\/#organization\"},\"potentialAction\":[{\"@type\":\"SearchAction\",\"target\":{\"@type\":\"EntryPoint\",\"urlTemplate\":\"https:\/\/quantfury.com\/?s={search_term_string}\"},\"query-input\":{\"@type\":\"PropertyValueSpecification\",\"valueRequired\":true,\"valueName\":\"search_term_string\"}}],\"inLanguage\":\"pt-PT\"},{\"@type\":\"Organization\",\"@id\":\"https:\/\/quantfury.com\/#organization\",\"name\":\"Quantfury\",\"url\":\"https:\/\/quantfury.com\/\",\"logo\":{\"@type\":\"ImageObject\",\"inLanguage\":\"pt-PT\",\"@id\":\"https:\/\/quantfury.com\/#\/schema\/logo\/image\/\",\"url\":\"https:\/\/quantfury.com\/wp-content\/uploads\/2021\/04\/logo.svg\",\"contentUrl\":\"https:\/\/quantfury.com\/wp-content\/uploads\/2021\/04\/logo.svg\",\"width\":165,\"height\":36,\"caption\":\"Quantfury\"},\"image\":{\"@id\":\"https:\/\/quantfury.com\/#\/schema\/logo\/image\/\"},\"sameAs\":[\"https:\/\/x.com\/quantfury\",\"https:\/\/instagram.com\/quantfury\",\"https:\/\/www.linkedin.com\/company\/quantfury\/\",\"https:\/\/www.youtube.com\/c\/Quantfury\"]},{\"@type\":\"Person\",\"@id\":\"https:\/\/quantfury.com\/#\/schema\/person\/a9f7e8493050fd0144e9482425234990\",\"name\":\"Quantfury\",\"sameAs\":[\"https:\/\/quantfury.com\"],\"url\":\"https:\/\/quantfury.com\/portuge\/author\/admin\/\"}]}<\/script>\n<!-- \/ Yoast SEO Premium plugin. -->","yoast_head_json":{"title":"Am\u00e9rica Latina avalia convite para um lugar privilegiado na reestrutura\u00e7\u00e3o do com\u00e9rcio dos EUA | Quantfury","description":"Donald Trump v\u00ea a regi\u00e3o como um dos principais benefici\u00e1rios da reestrutura\u00e7\u00e3o econ\u00f4mica que est\u00e1 tentando implementar.","robots":{"index":"index","follow":"follow","max-snippet":"max-snippet:-1","max-image-preview":"max-image-preview:large","max-video-preview":"max-video-preview:-1"},"canonical":"https:\/\/quantfury.com\/portuge\/insights-do-mercado\/americasfirst\/","og_locale":"pt_PT","og_type":"article","og_title":"Am\u00e9rica Latina avalia convite para um lugar privilegiado na reestrutura\u00e7\u00e3o do com\u00e9rcio dos EUA | Quantfury","og_description":"Donald Trump v\u00ea a regi\u00e3o como um dos principais benefici\u00e1rios da reestrutura\u00e7\u00e3o econ\u00f4mica que est\u00e1 tentando implementar.","og_url":"https:\/\/quantfury.com\/portuge\/insights-do-mercado\/americasfirst\/","og_site_name":"Quantfury","article_published_time":"2025-04-08T21:25:27+00:00","article_modified_time":"2025-04-08T21:25:28+00:00","og_image":[{"width":2048,"height":1536,"url":"https:\/\/quantfury.com\/wp-content\/uploads\/2025\/04\/LatAm.jpg","type":"image\/jpeg"}],"author":"Quantfury","twitter_card":"summary_large_image","twitter_description":"O an\u00fancio na semana passada de que os EUA adotariam um regime de \"tarifas rec\u00edprocas\" fez com que os mercados globais despencassem, mas por tr\u00e1s do caos","twitter_creator":"@quantfury","twitter_site":"@quantfury","twitter_misc":{"Escrito por":"Quantfury","Tempo estimado de leitura":"5 minutos"},"schema":{"@context":"https:\/\/schema.org","@graph":[{"@type":"Article","@id":"https:\/\/quantfury.com\/portuge\/insights-do-mercado\/americasfirst\/#article","isPartOf":{"@id":"https:\/\/quantfury.com\/portuge\/insights-do-mercado\/americasfirst\/"},"author":{"name":"Quantfury","@id":"https:\/\/quantfury.com\/#\/schema\/person\/a9f7e8493050fd0144e9482425234990"},"headline":"Am\u00e9rica Latina avalia convite para um lugar privilegiado na reestrutura\u00e7\u00e3o do com\u00e9rcio dos EUA","datePublished":"2025-04-08T21:25:27+00:00","dateModified":"2025-04-08T21:25:28+00:00","mainEntityOfPage":{"@id":"https:\/\/quantfury.com\/portuge\/insights-do-mercado\/americasfirst\/"},"wordCount":1079,"commentCount":0,"publisher":{"@id":"https:\/\/quantfury.com\/#organization"},"articleSection":["Insights do Mercado"],"inLanguage":"pt-PT","potentialAction":[{"@type":"CommentAction","name":"Comment","target":["https:\/\/quantfury.com\/portuge\/insights-do-mercado\/americasfirst\/#respond"]}]},{"@type":"WebPage","@id":"https:\/\/quantfury.com\/portuge\/insights-do-mercado\/americasfirst\/","url":"https:\/\/quantfury.com\/portuge\/insights-do-mercado\/americasfirst\/","name":"Am\u00e9rica Latina avalia convite para um lugar privilegiado na reestrutura\u00e7\u00e3o do com\u00e9rcio dos EUA | Quantfury","isPartOf":{"@id":"https:\/\/quantfury.com\/#website"},"datePublished":"2025-04-08T21:25:27+00:00","dateModified":"2025-04-08T21:25:28+00:00","description":"Donald Trump v\u00ea a regi\u00e3o como um dos principais benefici\u00e1rios da reestrutura\u00e7\u00e3o econ\u00f4mica que est\u00e1 tentando implementar.","breadcrumb":{"@id":"https:\/\/quantfury.com\/portuge\/insights-do-mercado\/americasfirst\/#breadcrumb"},"inLanguage":"pt-PT","potentialAction":[{"@type":"ReadAction","target":["https:\/\/quantfury.com\/portuge\/insights-do-mercado\/americasfirst\/"]}]},{"@type":"BreadcrumbList","@id":"https:\/\/quantfury.com\/portuge\/insights-do-mercado\/americasfirst\/#breadcrumb","itemListElement":[{"@type":"ListItem","position":1,"name":"Home","item":"https:\/\/quantfury.com\/portuge\/"},{"@type":"ListItem","position":2,"name":"Am\u00e9rica Latina avalia convite para um lugar privilegiado na reestrutura\u00e7\u00e3o do com\u00e9rcio dos EUA"}]},{"@type":"WebSite","@id":"https:\/\/quantfury.com\/#website","url":"https:\/\/quantfury.com\/","name":"Quantfury","description":"","publisher":{"@id":"https:\/\/quantfury.com\/#organization"},"potentialAction":[{"@type":"SearchAction","target":{"@type":"EntryPoint","urlTemplate":"https:\/\/quantfury.com\/?s={search_term_string}"},"query-input":{"@type":"PropertyValueSpecification","valueRequired":true,"valueName":"search_term_string"}}],"inLanguage":"pt-PT"},{"@type":"Organization","@id":"https:\/\/quantfury.com\/#organization","name":"Quantfury","url":"https:\/\/quantfury.com\/","logo":{"@type":"ImageObject","inLanguage":"pt-PT","@id":"https:\/\/quantfury.com\/#\/schema\/logo\/image\/","url":"https:\/\/quantfury.com\/wp-content\/uploads\/2021\/04\/logo.svg","contentUrl":"https:\/\/quantfury.com\/wp-content\/uploads\/2021\/04\/logo.svg","width":165,"height":36,"caption":"Quantfury"},"image":{"@id":"https:\/\/quantfury.com\/#\/schema\/logo\/image\/"},"sameAs":["https:\/\/x.com\/quantfury","https:\/\/instagram.com\/quantfury","https:\/\/www.linkedin.com\/company\/quantfury\/","https:\/\/www.youtube.com\/c\/Quantfury"]},{"@type":"Person","@id":"https:\/\/quantfury.com\/#\/schema\/person\/a9f7e8493050fd0144e9482425234990","name":"Quantfury","sameAs":["https:\/\/quantfury.com"],"url":"https:\/\/quantfury.com\/portuge\/author\/admin\/"}]}},"_links":{"self":[{"href":"https:\/\/quantfury.com\/portuge\/wp-json\/wp\/v2\/posts\/32830","targetHints":{"allow":["GET"]}}],"collection":[{"href":"https:\/\/quantfury.com\/portuge\/wp-json\/wp\/v2\/posts"}],"about":[{"href":"https:\/\/quantfury.com\/portuge\/wp-json\/wp\/v2\/types\/post"}],"author":[{"embeddable":true,"href":"https:\/\/quantfury.com\/portuge\/wp-json\/wp\/v2\/users\/1"}],"replies":[{"embeddable":true,"href":"https:\/\/quantfury.com\/portuge\/wp-json\/wp\/v2\/comments?post=32830"}],"version-history":[{"count":2,"href":"https:\/\/quantfury.com\/portuge\/wp-json\/wp\/v2\/posts\/32830\/revisions"}],"predecessor-version":[{"id":32846,"href":"https:\/\/quantfury.com\/portuge\/wp-json\/wp\/v2\/posts\/32830\/revisions\/32846"}],"wp:attachment":[{"href":"https:\/\/quantfury.com\/portuge\/wp-json\/wp\/v2\/media?parent=32830"}],"wp:term":[{"taxonomy":"category","embeddable":true,"href":"https:\/\/quantfury.com\/portuge\/wp-json\/wp\/v2\/categories?post=32830"},{"taxonomy":"post_tag","embeddable":true,"href":"https:\/\/quantfury.com\/portuge\/wp-json\/wp\/v2\/tags?post=32830"}],"curies":[{"name":"wp","href":"https:\/\/api.w.org\/{rel}","templated":true}]}}