{"id":3790,"date":"2021-06-09T14:46:29","date_gmt":"2021-06-09T14:46:29","guid":{"rendered":"https:\/\/quantfury.com\/?p=3790"},"modified":"2023-03-30T19:25:09","modified_gmt":"2023-03-30T19:25:09","slug":"la-crisis-de-la-mediana-edad-de-instagram-de-facebook","status":"publish","type":"post","link":"https:\/\/quantfury.com\/espanol\/perspectivas-de-mercado\/la-crisis-de-la-mediana-edad-de-instagram-de-facebook\/","title":{"rendered":"La crisis de Instagram y Facebook"},"content":{"rendered":"\n<p>Parece extra\u00f1o que vivamos en una \u00e9poca en la que la fecha de nacimiento te defina tanto como hoy.<\/p>\n\n\n\n<p>Cada generaci\u00f3n tiene un nombre y un significante. Desde la Generaci\u00f3n Z y su sarc\u00e1stico y extra\u00f1o sentido de la moda, hasta los Millennials que almuerzan con tostadas de aguacate mientras se quejan de que los Boomers est\u00e1n acaparando todas las oportunidades y matando el planeta. Esta es una \u00e9poca definida por este choque de generaciones.<\/p>\n\n\n\n<p>Lo siento, me he olvidado de la Generaci\u00f3n X porque todo el mundo se olvida de ella.<\/p>\n\n\n\n<p>Esta brecha generacional se aprecia especialmente en las redes sociales, donde cada grupo demogr\u00e1fico usa la plataforma que m\u00e1s le define y le atrae como usuario.<\/p>\n\n\n\n<p>Los Boomers adoran Facebook (NASDAQ: FB) por todas las teor\u00edas conspirativas y las fotos de sus nietos. La Generaci\u00f3n X se regodea en el brillo c\u00ednico de Twitter (NYSE: TWTR). Los vac\u00edos Millennials prefieren ser influenciados en Instagram y, obviamente, los incomprensibles Gen Zs se encuentran en el fren\u00e9tico e impredecible TikTok.<\/p>\n\n\n\n<p>Claramente, estoy estereotipando aqu\u00ed, pero todos los estereotipos tienen un elemento de verdad.<\/p>\n\n\n\n<p>Estas plataformas consolidadas -las cuatro grandes de las redes sociales- luchan por mantenerse en la cima a largo plazo y, del mismo modo que se pueden identificar con la generaci\u00f3n que se siente m\u00e1s atra\u00edda por ellas, tambi\u00e9n se pueden ver sus problemas a trav\u00e9s del mismo prisma. &#8211; Es decir, que el mayor problema al que se enfrenta esa generaci\u00f3n suele ser el mismo al que se enfrenta la red social.<\/p>\n\n\n\n<p>Facebook tiene un problema de brecha de realidad: est\u00e1 anclado en el pasado y tiende a resistirse a las nuevas ideas. Es un anciano en su porche gritando a las nubes.<\/p>\n\n\n\n<p>Twitter es demasiado c\u00ednico para su propio bien, como Gex X. Todo es sarcasmo, bromas y juicios.<\/p>\n\n\n\n<p>TikTok es como todos los adolescentes y veintea\u00f1eros: se trata del aqu\u00ed y ahora y a\u00fan no se ha formado del todo. Es la que m\u00e1s espacio tiene para convertirse en algo, al igual que los Gen Zs que la usan.<\/p>\n\n\n\n<p>En cuanto a Instagram, est\u00e1 luchando un poco. Tanto ella como los Millennials han existido en una especie de adolescencia interminable que se define por la seriedad y la vacuidad a la vez. Tanto la generaci\u00f3n como la plataforma son notablemente f\u00e1ciles de parodiar y tambi\u00e9n es la raz\u00f3n por la que ambas est\u00e1n luchando con la crisis de \u00ablos 40\u00bb que se les acerca r\u00e1pidamente.<\/p>\n\n\n\n<p>Instagram est\u00e1 tratando de abordar algunos de sus problemas a largo plazo esta semana en un evento virtual llamado la Semana del Creador.<\/p>\n\n\n\n<p>Los resultados, como un mal selfie frente a un puente cubierto al atardecer usando el filtro Lark, han sido poco satisfactorios. Despu\u00e9s de anunciar ampliamente que la Semana del Creador introducir\u00eda cambios interesantes en Instagram que le ayudar\u00edan a entrar en la siguiente fase de su vida, lo que ofrecieron no fue m\u00e1s que un ajuste en el funcionamiento de su programa de afiliados.<\/p>\n\n\n\n<p>S\u00ed, est\u00e1n cambiando la forma de intentar venderte cosas. B\u00e1sicamente, se invitar\u00e1 a los influencers a a\u00f1adir productos de afiliaci\u00f3n a su propio feed, donde podr\u00e1n venderlos a sus usuarios a cambio de una comisi\u00f3n. La \u00fanica diferencia es que ahora los influencers tienen menos trabajo que hacer. Ya no tienen que perseguir a las empresas. Solo tienen que hacer clic en una opci\u00f3n.<\/p>\n\n\n\n<p>Esto no es nada revolucionario y no va a ayudar a Instagram a salir de su actual depresi\u00f3n, que est\u00e1 constantemente por detr\u00e1s de la m\u00e1s juvenil, TikTok en descargas mensuales.<\/p>\n\n\n\n<p>Al igual que la generaci\u00f3n que m\u00e1s la ama, la &#8216;Gram va a tener que hacer mucho m\u00e1s que esto si quiere seguir siendo tomada en serio en el futuro.<\/p>\n","protected":false},"excerpt":{"rendered":"<p>Parece extra\u00f1o que vivamos en una \u00e9poca en la que la fecha de nacimiento te defina tanto como hoy. Cada generaci\u00f3n tiene un nombre y un significante. Desde la Generaci\u00f3n Z y su sarc\u00e1stico y extra\u00f1o sentido de la moda, hasta los Millennials que almuerzan con tostadas de aguacate mientras se quejan de que los [&hellip;]<\/p>\n","protected":false},"author":1,"featured_media":0,"comment_status":"open","ping_status":"open","sticky":false,"template":"","format":"standard","meta":{"_acf_changed":false,"inline_featured_image":false,"footnotes":""},"categories":[108],"tags":[],"class_list":["post-3790","post","type-post","status-publish","format-standard","hentry","category-perspectivas-de-mercado"],"acf":[],"yoast_head":"<!-- This site is optimized with the Yoast SEO Premium plugin v27.2 (Yoast SEO v27.2) - https:\/\/yoast.com\/product\/yoast-seo-premium-wordpress\/ -->\n<title>La crisis de Instagram y Facebook | Gaceta de Quantfury<\/title>\n<meta name=\"description\" content=\"Parece extra\u00f1o que vivamos en una \u00e9poca en la que la fecha de nacimiento te defina tanto como hoy. Cada generaci\u00f3n tiene un nombre y un significante.\" \/>\n<meta name=\"robots\" content=\"index, follow, max-snippet:-1, max-image-preview:large, max-video-preview:-1\" \/>\n<link rel=\"canonical\" href=\"https:\/\/quantfury.com\/espanol\/gazette\/entertainment\/la-crisis-de-la-mediana-edad-de-instagram-de-facebook\/\" \/>\n<meta property=\"og:locale\" content=\"es_ES\" \/>\n<meta property=\"og:type\" content=\"article\" \/>\n<meta property=\"og:title\" content=\"La crisis de Instagram y Facebook | Quantfury\" \/>\n<meta property=\"og:description\" content=\"Parece extra\u00f1o que vivamos en una \u00e9poca en la que la fecha de nacimiento te defina tanto como hoy. Cada generaci\u00f3n tiene un nombre y un significante.\" \/>\n<meta property=\"og:url\" content=\"https:\/\/quantfury.com\/espanol\/gazette\/entertainment\/la-crisis-de-la-mediana-edad-de-instagram-de-facebook\/\" \/>\n<meta property=\"og:site_name\" content=\"Quantfury\" \/>\n<meta property=\"article:published_time\" content=\"2021-06-09T14:46:29+00:00\" \/>\n<meta property=\"article:modified_time\" content=\"2023-03-30T19:25:09+00:00\" \/>\n<meta property=\"og:image\" content=\"https:\/\/quantfury.com\/wp-content\/uploads\/2025\/02\/English.png\" \/>\n\t<meta property=\"og:image:width\" content=\"2048\" \/>\n\t<meta property=\"og:image:height\" content=\"1536\" \/>\n\t<meta property=\"og:image:type\" content=\"image\/png\" \/>\n<meta name=\"author\" content=\"Quantfury\" \/>\n<meta name=\"twitter:card\" content=\"summary_large_image\" \/>\n<meta name=\"twitter:creator\" content=\"@quantfury\" \/>\n<meta name=\"twitter:site\" content=\"@quantfury\" \/>\n<meta name=\"twitter:label1\" content=\"Escrito por\" \/>\n\t<meta name=\"twitter:data1\" content=\"Quantfury\" \/>\n\t<meta name=\"twitter:label2\" content=\"Tiempo de lectura\" \/>\n\t<meta name=\"twitter:data2\" content=\"3 minutos\" \/>\n<script type=\"application\/ld+json\" class=\"yoast-schema-graph\">{\"@context\":\"https:\/\/schema.org\",\"@graph\":[{\"@type\":\"Article\",\"@id\":\"https:\/\/quantfury.com\/espanol\/gazette\/entertainment\/la-crisis-de-la-mediana-edad-de-instagram-de-facebook\/#article\",\"isPartOf\":{\"@id\":\"https:\/\/quantfury.com\/espanol\/perspectivas-de-mercado\/entertainment\/la-crisis-de-la-mediana-edad-de-instagram-de-facebook\/\"},\"author\":{\"name\":\"Quantfury\",\"@id\":\"https:\/\/quantfury.com\/#\/schema\/person\/a9f7e8493050fd0144e9482425234990\"},\"headline\":\"La crisis de Instagram y Facebook\",\"datePublished\":\"2021-06-09T14:46:29+00:00\",\"dateModified\":\"2023-03-30T19:25:09+00:00\",\"mainEntityOfPage\":{\"@id\":\"https:\/\/quantfury.com\/espanol\/perspectivas-de-mercado\/entertainment\/la-crisis-de-la-mediana-edad-de-instagram-de-facebook\/\"},\"wordCount\":674,\"commentCount\":0,\"publisher\":{\"@id\":\"https:\/\/quantfury.com\/#organization\"},\"articleSection\":[\"Perspectivas de Mercado\"],\"inLanguage\":\"es\",\"potentialAction\":[{\"@type\":\"CommentAction\",\"name\":\"Comment\",\"target\":[\"https:\/\/quantfury.com\/espanol\/gazette\/entertainment\/la-crisis-de-la-mediana-edad-de-instagram-de-facebook\/#respond\"]}]},{\"@type\":\"WebPage\",\"@id\":\"https:\/\/quantfury.com\/espanol\/perspectivas-de-mercado\/entertainment\/la-crisis-de-la-mediana-edad-de-instagram-de-facebook\/\",\"url\":\"https:\/\/quantfury.com\/espanol\/gazette\/entertainment\/la-crisis-de-la-mediana-edad-de-instagram-de-facebook\/\",\"name\":\"La crisis de Instagram y Facebook | Gaceta de Quantfury\",\"isPartOf\":{\"@id\":\"https:\/\/quantfury.com\/#website\"},\"datePublished\":\"2021-06-09T14:46:29+00:00\",\"dateModified\":\"2023-03-30T19:25:09+00:00\",\"description\":\"Parece extra\u00f1o que vivamos en una \u00e9poca en la que la fecha de nacimiento te defina tanto como hoy. Cada generaci\u00f3n tiene un nombre y un significante.\",\"breadcrumb\":{\"@id\":\"https:\/\/quantfury.com\/espanol\/gazette\/entertainment\/la-crisis-de-la-mediana-edad-de-instagram-de-facebook\/#breadcrumb\"},\"inLanguage\":\"es\",\"potentialAction\":[{\"@type\":\"ReadAction\",\"target\":[\"https:\/\/quantfury.com\/espanol\/gazette\/entertainment\/la-crisis-de-la-mediana-edad-de-instagram-de-facebook\/\"]}]},{\"@type\":\"BreadcrumbList\",\"@id\":\"https:\/\/quantfury.com\/espanol\/gazette\/entertainment\/la-crisis-de-la-mediana-edad-de-instagram-de-facebook\/#breadcrumb\",\"itemListElement\":[{\"@type\":\"ListItem\",\"position\":1,\"name\":\"Home\",\"item\":\"https:\/\/quantfury.com\/espanol\/\"},{\"@type\":\"ListItem\",\"position\":2,\"name\":\"La crisis de Instagram y Facebook\"}]},{\"@type\":\"WebSite\",\"@id\":\"https:\/\/quantfury.com\/#website\",\"url\":\"https:\/\/quantfury.com\/\",\"name\":\"Quantfury\",\"description\":\"\",\"publisher\":{\"@id\":\"https:\/\/quantfury.com\/#organization\"},\"potentialAction\":[{\"@type\":\"SearchAction\",\"target\":{\"@type\":\"EntryPoint\",\"urlTemplate\":\"https:\/\/quantfury.com\/?s={search_term_string}\"},\"query-input\":{\"@type\":\"PropertyValueSpecification\",\"valueRequired\":true,\"valueName\":\"search_term_string\"}}],\"inLanguage\":\"es\"},{\"@type\":\"Organization\",\"@id\":\"https:\/\/quantfury.com\/#organization\",\"name\":\"Quantfury\",\"url\":\"https:\/\/quantfury.com\/\",\"logo\":{\"@type\":\"ImageObject\",\"inLanguage\":\"es\",\"@id\":\"https:\/\/quantfury.com\/#\/schema\/logo\/image\/\",\"url\":\"https:\/\/quantfury.com\/wp-content\/uploads\/2021\/04\/logo.svg\",\"contentUrl\":\"https:\/\/quantfury.com\/wp-content\/uploads\/2021\/04\/logo.svg\",\"width\":165,\"height\":36,\"caption\":\"Quantfury\"},\"image\":{\"@id\":\"https:\/\/quantfury.com\/#\/schema\/logo\/image\/\"},\"sameAs\":[\"https:\/\/x.com\/quantfury\",\"https:\/\/instagram.com\/quantfury\",\"https:\/\/www.linkedin.com\/company\/quantfury\/\",\"https:\/\/www.youtube.com\/c\/Quantfury\"]},{\"@type\":\"Person\",\"@id\":\"https:\/\/quantfury.com\/#\/schema\/person\/a9f7e8493050fd0144e9482425234990\",\"name\":\"Quantfury\",\"sameAs\":[\"https:\/\/quantfury.com\"],\"url\":\"https:\/\/quantfury.com\/espanol\/author\/admin\/\"}]}<\/script>\n<!-- \/ Yoast SEO Premium plugin. -->","yoast_head_json":{"title":"La crisis de Instagram y Facebook | Gaceta de Quantfury","description":"Parece extra\u00f1o que vivamos en una \u00e9poca en la que la fecha de nacimiento te defina tanto como hoy. Cada generaci\u00f3n tiene un nombre y un significante.","robots":{"index":"index","follow":"follow","max-snippet":"max-snippet:-1","max-image-preview":"max-image-preview:large","max-video-preview":"max-video-preview:-1"},"canonical":"https:\/\/quantfury.com\/espanol\/gazette\/entertainment\/la-crisis-de-la-mediana-edad-de-instagram-de-facebook\/","og_locale":"es_ES","og_type":"article","og_title":"La crisis de Instagram y Facebook | Quantfury","og_description":"Parece extra\u00f1o que vivamos en una \u00e9poca en la que la fecha de nacimiento te defina tanto como hoy. Cada generaci\u00f3n tiene un nombre y un significante.","og_url":"https:\/\/quantfury.com\/espanol\/gazette\/entertainment\/la-crisis-de-la-mediana-edad-de-instagram-de-facebook\/","og_site_name":"Quantfury","article_published_time":"2021-06-09T14:46:29+00:00","article_modified_time":"2023-03-30T19:25:09+00:00","og_image":[{"width":2048,"height":1536,"url":"https:\/\/quantfury.com\/wp-content\/uploads\/2025\/02\/English.png","type":"image\/png"}],"author":"Quantfury","twitter_card":"summary_large_image","twitter_creator":"@quantfury","twitter_site":"@quantfury","twitter_misc":{"Escrito por":"Quantfury","Tiempo de lectura":"3 minutos"},"schema":{"@context":"https:\/\/schema.org","@graph":[{"@type":"Article","@id":"https:\/\/quantfury.com\/espanol\/gazette\/entertainment\/la-crisis-de-la-mediana-edad-de-instagram-de-facebook\/#article","isPartOf":{"@id":"https:\/\/quantfury.com\/espanol\/perspectivas-de-mercado\/entertainment\/la-crisis-de-la-mediana-edad-de-instagram-de-facebook\/"},"author":{"name":"Quantfury","@id":"https:\/\/quantfury.com\/#\/schema\/person\/a9f7e8493050fd0144e9482425234990"},"headline":"La crisis de Instagram y Facebook","datePublished":"2021-06-09T14:46:29+00:00","dateModified":"2023-03-30T19:25:09+00:00","mainEntityOfPage":{"@id":"https:\/\/quantfury.com\/espanol\/perspectivas-de-mercado\/entertainment\/la-crisis-de-la-mediana-edad-de-instagram-de-facebook\/"},"wordCount":674,"commentCount":0,"publisher":{"@id":"https:\/\/quantfury.com\/#organization"},"articleSection":["Perspectivas de Mercado"],"inLanguage":"es","potentialAction":[{"@type":"CommentAction","name":"Comment","target":["https:\/\/quantfury.com\/espanol\/gazette\/entertainment\/la-crisis-de-la-mediana-edad-de-instagram-de-facebook\/#respond"]}]},{"@type":"WebPage","@id":"https:\/\/quantfury.com\/espanol\/perspectivas-de-mercado\/entertainment\/la-crisis-de-la-mediana-edad-de-instagram-de-facebook\/","url":"https:\/\/quantfury.com\/espanol\/gazette\/entertainment\/la-crisis-de-la-mediana-edad-de-instagram-de-facebook\/","name":"La crisis de Instagram y Facebook | Gaceta de Quantfury","isPartOf":{"@id":"https:\/\/quantfury.com\/#website"},"datePublished":"2021-06-09T14:46:29+00:00","dateModified":"2023-03-30T19:25:09+00:00","description":"Parece extra\u00f1o que vivamos en una \u00e9poca en la que la fecha de nacimiento te defina tanto como hoy. Cada generaci\u00f3n tiene un nombre y un significante.","breadcrumb":{"@id":"https:\/\/quantfury.com\/espanol\/gazette\/entertainment\/la-crisis-de-la-mediana-edad-de-instagram-de-facebook\/#breadcrumb"},"inLanguage":"es","potentialAction":[{"@type":"ReadAction","target":["https:\/\/quantfury.com\/espanol\/gazette\/entertainment\/la-crisis-de-la-mediana-edad-de-instagram-de-facebook\/"]}]},{"@type":"BreadcrumbList","@id":"https:\/\/quantfury.com\/espanol\/gazette\/entertainment\/la-crisis-de-la-mediana-edad-de-instagram-de-facebook\/#breadcrumb","itemListElement":[{"@type":"ListItem","position":1,"name":"Home","item":"https:\/\/quantfury.com\/espanol\/"},{"@type":"ListItem","position":2,"name":"La crisis de Instagram y Facebook"}]},{"@type":"WebSite","@id":"https:\/\/quantfury.com\/#website","url":"https:\/\/quantfury.com\/","name":"Quantfury","description":"","publisher":{"@id":"https:\/\/quantfury.com\/#organization"},"potentialAction":[{"@type":"SearchAction","target":{"@type":"EntryPoint","urlTemplate":"https:\/\/quantfury.com\/?s={search_term_string}"},"query-input":{"@type":"PropertyValueSpecification","valueRequired":true,"valueName":"search_term_string"}}],"inLanguage":"es"},{"@type":"Organization","@id":"https:\/\/quantfury.com\/#organization","name":"Quantfury","url":"https:\/\/quantfury.com\/","logo":{"@type":"ImageObject","inLanguage":"es","@id":"https:\/\/quantfury.com\/#\/schema\/logo\/image\/","url":"https:\/\/quantfury.com\/wp-content\/uploads\/2021\/04\/logo.svg","contentUrl":"https:\/\/quantfury.com\/wp-content\/uploads\/2021\/04\/logo.svg","width":165,"height":36,"caption":"Quantfury"},"image":{"@id":"https:\/\/quantfury.com\/#\/schema\/logo\/image\/"},"sameAs":["https:\/\/x.com\/quantfury","https:\/\/instagram.com\/quantfury","https:\/\/www.linkedin.com\/company\/quantfury\/","https:\/\/www.youtube.com\/c\/Quantfury"]},{"@type":"Person","@id":"https:\/\/quantfury.com\/#\/schema\/person\/a9f7e8493050fd0144e9482425234990","name":"Quantfury","sameAs":["https:\/\/quantfury.com"],"url":"https:\/\/quantfury.com\/espanol\/author\/admin\/"}]}},"_links":{"self":[{"href":"https:\/\/quantfury.com\/espanol\/wp-json\/wp\/v2\/posts\/3790","targetHints":{"allow":["GET"]}}],"collection":[{"href":"https:\/\/quantfury.com\/espanol\/wp-json\/wp\/v2\/posts"}],"about":[{"href":"https:\/\/quantfury.com\/espanol\/wp-json\/wp\/v2\/types\/post"}],"author":[{"embeddable":true,"href":"https:\/\/quantfury.com\/espanol\/wp-json\/wp\/v2\/users\/1"}],"replies":[{"embeddable":true,"href":"https:\/\/quantfury.com\/espanol\/wp-json\/wp\/v2\/comments?post=3790"}],"version-history":[{"count":8,"href":"https:\/\/quantfury.com\/espanol\/wp-json\/wp\/v2\/posts\/3790\/revisions"}],"predecessor-version":[{"id":22376,"href":"https:\/\/quantfury.com\/espanol\/wp-json\/wp\/v2\/posts\/3790\/revisions\/22376"}],"wp:attachment":[{"href":"https:\/\/quantfury.com\/espanol\/wp-json\/wp\/v2\/media?parent=3790"}],"wp:term":[{"taxonomy":"category","embeddable":true,"href":"https:\/\/quantfury.com\/espanol\/wp-json\/wp\/v2\/categories?post=3790"},{"taxonomy":"post_tag","embeddable":true,"href":"https:\/\/quantfury.com\/espanol\/wp-json\/wp\/v2\/tags?post=3790"}],"curies":[{"name":"wp","href":"https:\/\/api.w.org\/{rel}","templated":true}]}}